{"id":17927,"date":"2025-05-26T17:12:27","date_gmt":"2025-05-26T23:12:27","guid":{"rendered":"https:\/\/www.prospectiva.com.mx\/?p=17927"},"modified":"2025-05-26T17:12:29","modified_gmt":"2025-05-26T23:12:29","slug":"colombia-dian-reflexion-cultura-tributaria-y-nuevos-plazos-2025","status":"publish","type":"post","link":"https:\/\/www.prospectiva.com.mx\/?p=17927","title":{"rendered":"Colombia DIAN: Reflexi\u00f3n, cultura tributaria y nuevos plazos 2025"},"content":{"rendered":"\n<h2 class=\"wp-block-heading\">? VII Semana de la Cultura de la Contribuci\u00f3n<\/h2>\n\n\n\n<p>La <strong>Direcci\u00f3n de Impuestos y Aduanas Nacionales (DIAN)<\/strong> invita a la ciudadan\u00eda a sumarse a la <strong>VII Semana de la Cultura de la Contribuci\u00f3n<\/strong>, un espacio dise\u00f1ado para:<\/p>\n\n\n\n<p>\u2705 <strong>Reflexionar sobre la cultura tributaria<\/strong> y su impacto en la sociedad.<br>\u2705 <strong>Involucrar diversos sectores y voces internacionales<\/strong> en conversaciones que transforman la relaci\u00f3n entre ciudadanos y obligaciones fiscales.<\/p>\n\n\n\n<p>? <strong>Fechas<\/strong>: del 27 al 30 de mayo<br>? <strong>Formato<\/strong>: encuentros digitales con participaci\u00f3n de expertos y referentes internacionales.<\/p>\n\n\n\n<p>? Consulta el programa completo<strong><mark style=\"background-color:rgba(0, 0, 0, 0)\" class=\"has-inline-color has-vivid-cyan-blue-color\">: <a class=\"\" href=\"https:\/\/micrositios.dian.gov.co\/cultura-de-contribucion\/semana-de-la-cultura-de-la-contribucion-2025\/\">Semana de la Cultura de la Contribuci\u00f3n 2025<\/a><\/mark><\/strong><\/p>\n\n\n\n<hr class=\"wp-block-separator has-alpha-channel-opacity\"\/>\n\n\n\n<h2 class=\"wp-block-heading\">? Nuevos plazos para la informaci\u00f3n ex\u00f3gena 2024<\/h2>\n\n\n\n<p>A trav\u00e9s de la <strong>Resoluci\u00f3n 000213 del 23 de mayo de 2025<\/strong>, la DIAN estableci\u00f3 <strong>nuevos plazos para la presentaci\u00f3n de la informaci\u00f3n ex\u00f3gena tributaria del a\u00f1o gravable 2024<\/strong>, debido a la contingencia t\u00e9cnica declarada el pasado 13 de mayo.<\/p>\n\n\n\n<p><strong>\u00bfA qui\u00e9nes aplica?<\/strong><\/p>\n\n\n\n<p>\u2714\ufe0f Grandes contribuyentes.<br>\u2714\ufe0f Personas jur\u00eddicas y naturales afectadas por la contingencia.<br>\u2714\ufe0f Todos los obligados a reportar informaci\u00f3n ex\u00f3gena tributaria.<\/p>\n\n\n\n<p>Esta medida fue anunciada junto al <strong>levantamiento de la indisponibilidad de los servicios inform\u00e1ticos<\/strong> (Comunicado de Prensa 052) y busca asegurar que los contribuyentes puedan cumplir sin contratiempos.<\/p>\n\n\n\n<p>? M\u00e1s detalles: <a class=\"\" href=\"https:\/\/www.dian.gov.co\/Prensa\/Paginas\/NG-Comunicado-de-Prensa-054-2025.aspx\"><strong><mark style=\"background-color:rgba(0, 0, 0, 0)\" class=\"has-inline-color has-vivid-cyan-blue-color\">Comunicado oficial DIAN<\/mark><\/strong><\/a><\/p>\n\n\n\n<hr class=\"wp-block-separator has-alpha-channel-opacity\"\/>\n\n\n\n<h2 class=\"wp-block-heading\">? \u00bfC\u00f3mo puede ayudarte nuestra soluci\u00f3n?<\/h2>\n\n\n\n<p>Con nuestras herramientas, puedes:<\/p>\n\n\n\n<p>\u2705 <strong>Actualizar autom\u00e1ticamente tus reportes ex\u00f3genos<\/strong> seg\u00fan las nuevas fechas.<br>\u2705 <strong>Mantenerte al d\u00eda con la normativa<\/strong> sin esfuerzo manual.<br>\u2705 <strong>Automatizar tus obligaciones fiscales<\/strong> para que nada se quede fuera de plazo.<\/p>\n\n\n\n<hr class=\"wp-block-separator has-alpha-channel-opacity\"\/>\n\n\n\n<h2 class=\"wp-block-heading\">? \u00a1No lo dejes para \u00faltima hora!<\/h2>\n\n\n\n<p>? Cont\u00e1ctanos y descubre c\u00f3mo podemos ayudarte a cumplir f\u00e1cil y r\u00e1pido con tus obligaciones DIAN.<br>? \u00a1Transforma tu cultura tributaria y optimiza tu gesti\u00f3n hoy mismo!<\/p>\n","protected":false},"excerpt":{"rendered":"<p>? VII Semana de la Cultura de la Contribuci\u00f3n La Direcci\u00f3n de Impuestos y Aduanas Nacionales (DIAN) invita a la ciudadan\u00eda a sumarse a la VII Semana de la Cultura de la Contribuci\u00f3n, un espacio dise\u00f1ado para: \u2705 Reflexionar sobre la cultura tributaria y su impacto en la sociedad.\u2705 Involucrar diversos sectores y voces internacionales [&hellip;]<\/p>\n","protected":false},"author":7,"featured_media":17928,"comment_status":"open","ping_status":"open","sticky":false,"template":"","format":"standard","meta":{"footnotes":""},"categories":[437,49,15],"tags":[],"class_list":["post-17927","post","type-post","status-publish","format-standard","has-post-thumbnail","hentry","category-437","category-actualizacion","category-colombia"],"_links":{"self":[{"href":"https:\/\/www.prospectiva.com.mx\/index.php?rest_route=\/wp\/v2\/posts\/17927","targetHints":{"allow":["GET"]}}],"collection":[{"href":"https:\/\/www.prospectiva.com.mx\/index.php?rest_route=\/wp\/v2\/posts"}],"about":[{"href":"https:\/\/www.prospectiva.com.mx\/index.php?rest_route=\/wp\/v2\/types\/post"}],"author":[{"embeddable":true,"href":"https:\/\/www.prospectiva.com.mx\/index.php?rest_route=\/wp\/v2\/users\/7"}],"replies":[{"embeddable":true,"href":"https:\/\/www.prospectiva.com.mx\/index.php?rest_route=%2Fwp%2Fv2%2Fcomments&post=17927"}],"version-history":[{"count":1,"href":"https:\/\/www.prospectiva.com.mx\/index.php?rest_route=\/wp\/v2\/posts\/17927\/revisions"}],"predecessor-version":[{"id":17929,"href":"https:\/\/www.prospectiva.com.mx\/index.php?rest_route=\/wp\/v2\/posts\/17927\/revisions\/17929"}],"wp:featuredmedia":[{"embeddable":true,"href":"https:\/\/www.prospectiva.com.mx\/index.php?rest_route=\/wp\/v2\/media\/17928"}],"wp:attachment":[{"href":"https:\/\/www.prospectiva.com.mx\/index.php?rest_route=%2Fwp%2Fv2%2Fmedia&parent=17927"}],"wp:term":[{"taxonomy":"category","embeddable":true,"href":"https:\/\/www.prospectiva.com.mx\/index.php?rest_route=%2Fwp%2Fv2%2Fcategories&post=17927"},{"taxonomy":"post_tag","embeddable":true,"href":"https:\/\/www.prospectiva.com.mx\/index.php?rest_route=%2Fwp%2Fv2%2Ftags&post=17927"}],"curies":[{"name":"wp","href":"https:\/\/api.w.org\/{rel}","templated":true}]}}