{"id":17805,"date":"2025-04-16T17:00:27","date_gmt":"2025-04-16T23:00:27","guid":{"rendered":"https:\/\/www.prospectiva.com.mx\/?p=17805"},"modified":"2025-04-16T17:00:29","modified_gmt":"2025-04-16T23:00:29","slug":"bernard-appy-llama-a-las-empresas-a-prepararse-para-los-efectos-de-la-reforma-tributaria","status":"publish","type":"post","link":"https:\/\/www.prospectiva.com.mx\/?p=17805","title":{"rendered":"Bernard Appy llama a las empresas a prepararse para los efectos de la Reforma Tributaria"},"content":{"rendered":"\n<hr class=\"wp-block-separator has-alpha-channel-opacity\"\/>\n\n\n\n<h2 class=\"wp-block-heading\">? Appy: \u201cLas empresas deben hacer sus deberes\u201d<\/h2>\n\n\n\n<p>Durante un seminario organizado en S\u00e3o Paulo por <strong>Loria Advogados<\/strong> y <strong>Seta Asuntos P\u00fablicos<\/strong>, el <strong>secretario extraordinario de Reforma Tributaria, Bernard Appy<\/strong>, hizo un llamado claro a las empresas:<br><strong>\u201cEs hora de prepararse para la migraci\u00f3n al nuevo sistema de tributaci\u00f3n al consumo.\u201d<\/strong><\/p>\n\n\n\n<p>Appy destac\u00f3 que la <strong>Reforma Tributaria corrige distorsiones en los precios relativos<\/strong>, lo que generar\u00e1 un <strong>impacto directo en la estructura de costos y precios en diversos sectores de la econom\u00eda<\/strong>. Por ello, <strong>las empresas deben revisar cuidadosamente sus contratos que se extiendan m\u00e1s all\u00e1 de 2027<\/strong>, a\u00f1o clave en la implementaci\u00f3n del nuevo modelo.<\/p>\n\n\n\n<blockquote class=\"wp-block-quote is-layout-flow wp-block-quote-is-layout-flow\">\n<p>\u201cLa reforma corrige distorsiones en los precios relativos que hacen que la econom\u00eda sea menos eficiente\u201d, afirm\u00f3 el funcionario.<\/p>\n<\/blockquote>\n\n\n\n<hr class=\"wp-block-separator has-alpha-channel-opacity\"\/>\n\n\n\n<h2 class=\"wp-block-heading\">? \u00bfPor qu\u00e9 es importante revisar los contratos?<\/h2>\n\n\n\n<p>El nuevo sistema de tributaci\u00f3n al consumo, basado en el <strong>modelo de Impuesto al Valor Agregado (IVA)<\/strong>, <strong>unificar\u00e1 y simplificar\u00e1 los tributos existentes<\/strong> como el PIS, Cofins, ICMS e ISS, mejorando la competitividad y reduciendo cargas fiscales acumulativas.<\/p>\n\n\n\n<p>Sin embargo, esta transformaci\u00f3n implica <strong>revisar y ajustar cl\u00e1usulas contractuales vigentes<\/strong> para:<\/p>\n\n\n\n<ul class=\"wp-block-list\">\n<li>Evitar <strong>problemas legales o financieros futuros<\/strong>.<\/li>\n\n\n\n<li><strong>Adecuar precios<\/strong> a nuevas al\u00edcuotas y metodolog\u00edas.<\/li>\n\n\n\n<li><strong>Garantizar el cumplimiento<\/strong> con las disposiciones fiscales.<\/li>\n<\/ul>\n\n\n\n<hr class=\"wp-block-separator has-alpha-channel-opacity\"\/>\n\n\n\n<h2 class=\"wp-block-heading\">\u2705 Nuestra soluci\u00f3n te ayuda a adaptarte sin complicaciones<\/h2>\n\n\n\n<p>En un contexto de cambio tributario profundo, <strong>contar con una plataforma de cumplimiento fiscal automatizada y actualizada<\/strong> se vuelve imprescindible.<br><strong>Te ayudamos a monitorear impactos, ajustar tus procesos y mantenerte siempre alineado con la ley.<\/strong><\/p>\n\n\n\n<hr class=\"wp-block-separator has-alpha-channel-opacity\"\/>\n\n\n\n<h2 class=\"wp-block-heading\">? \u00a1No esperes al 2027!<\/h2>\n\n\n\n<p>Anticiparse es la mejor estrategia.<br><strong>Prep\u00e1rate desde hoy para la Reforma Tributaria en Brasil.<\/strong><br>? <strong>Cont\u00e1ctanos para una consultor\u00eda especializada y lleva tus contratos y sistemas al siguiente nivel.<\/strong><\/p>\n\n\n\n<p><strong><mark style=\"background-color:rgba(0, 0, 0, 0)\" class=\"has-inline-color has-vivid-cyan-blue-color\">? <a class=\"\" href=\"https:\/\/www.gov.br\/fazenda\/pt-br\/assuntos\/noticias\/2025\/abril\/appy-alerta-empresas-para-que-ja-considerem-efeitos-da-reforma-nos-contratos\">M\u00e1s informaci\u00f3n aqu\u00ed<\/a><\/mark><\/strong><\/p>\n\n\n\n<p><\/p>\n","protected":false},"excerpt":{"rendered":"<p>? Appy: \u201cLas empresas deben hacer sus deberes\u201d Durante un seminario organizado en S\u00e3o Paulo por Loria Advogados y Seta Asuntos P\u00fablicos, el secretario extraordinario de Reforma Tributaria, Bernard Appy, hizo un llamado claro a las empresas:\u201cEs hora de prepararse para la migraci\u00f3n al nuevo sistema de tributaci\u00f3n al consumo.\u201d Appy destac\u00f3 que la Reforma [&hellip;]<\/p>\n","protected":false},"author":7,"featured_media":17806,"comment_status":"open","ping_status":"open","sticky":false,"template":"","format":"standard","meta":{"footnotes":""},"categories":[437,49,46],"tags":[],"class_list":["post-17805","post","type-post","status-publish","format-standard","has-post-thumbnail","hentry","category-437","category-actualizacion","category-brasil"],"_links":{"self":[{"href":"https:\/\/www.prospectiva.com.mx\/index.php?rest_route=\/wp\/v2\/posts\/17805","targetHints":{"allow":["GET"]}}],"collection":[{"href":"https:\/\/www.prospectiva.com.mx\/index.php?rest_route=\/wp\/v2\/posts"}],"about":[{"href":"https:\/\/www.prospectiva.com.mx\/index.php?rest_route=\/wp\/v2\/types\/post"}],"author":[{"embeddable":true,"href":"https:\/\/www.prospectiva.com.mx\/index.php?rest_route=\/wp\/v2\/users\/7"}],"replies":[{"embeddable":true,"href":"https:\/\/www.prospectiva.com.mx\/index.php?rest_route=%2Fwp%2Fv2%2Fcomments&post=17805"}],"version-history":[{"count":2,"href":"https:\/\/www.prospectiva.com.mx\/index.php?rest_route=\/wp\/v2\/posts\/17805\/revisions"}],"predecessor-version":[{"id":17808,"href":"https:\/\/www.prospectiva.com.mx\/index.php?rest_route=\/wp\/v2\/posts\/17805\/revisions\/17808"}],"wp:featuredmedia":[{"embeddable":true,"href":"https:\/\/www.prospectiva.com.mx\/index.php?rest_route=\/wp\/v2\/media\/17806"}],"wp:attachment":[{"href":"https:\/\/www.prospectiva.com.mx\/index.php?rest_route=%2Fwp%2Fv2%2Fmedia&parent=17805"}],"wp:term":[{"taxonomy":"category","embeddable":true,"href":"https:\/\/www.prospectiva.com.mx\/index.php?rest_route=%2Fwp%2Fv2%2Fcategories&post=17805"},{"taxonomy":"post_tag","embeddable":true,"href":"https:\/\/www.prospectiva.com.mx\/index.php?rest_route=%2Fwp%2Fv2%2Ftags&post=17805"}],"curies":[{"name":"wp","href":"https:\/\/api.w.org\/{rel}","templated":true}]}}