{"id":16879,"date":"2024-12-23T19:58:18","date_gmt":"2024-12-24T01:58:18","guid":{"rendered":"https:\/\/www.prospectiva.com.mx\/?p=16879"},"modified":"2024-12-23T19:58:19","modified_gmt":"2024-12-24T01:58:19","slug":"argentina-afip-cambios-importantes-en-regimenes-fiscales-y-facturacion","status":"publish","type":"post","link":"https:\/\/www.prospectiva.com.mx\/?p=16879","title":{"rendered":"Argentina AFIP: Cambios Importantes en Reg\u00edmenes Fiscales y Facturaci\u00f3n"},"content":{"rendered":"\n<h2 class=\"wp-block-heading\"><strong>Adaptaci\u00f3n al Fin del Impuesto PAIS y Continuidad de Percepciones<\/strong><\/h2>\n\n\n\n<p>La <strong>Agencia de Recaudaci\u00f3n y Control Aduanero (ARCA)<\/strong> ha actualizado su normativa en relaci\u00f3n al <strong>r\u00e9gimen de percepciones<\/strong> debido a la finalizaci\u00f3n del Impuesto Para una Argentina Inclusiva y Solidaria (PAIS), efectivo desde el 22 de diciembre. A trav\u00e9s de la <strong>Resoluci\u00f3n General N\u00b0 5617\/2024<\/strong>, ARCA aclara que el r\u00e9gimen de percepci\u00f3n a cuenta de los <strong>impuestos a las ganancias y sobre los bienes personales<\/strong> para las operaciones de compra de moneda extranjera sigue vigente sin cambios, a pesar de la eliminaci\u00f3n del impuesto PAIS.<\/p>\n\n\n\n<p>Este anuncio es crucial para empresas y particulares que realizan transacciones en moneda extranjera, asegurando que las percepciones previas aplicadas ser\u00e1n reintegradas progresivamente hasta marzo 2025, beneficiando a m\u00e1s de 135.000 contribuyentes con un reintegro total de $60 mil millones.<\/p>\n\n\n\n<h3 class=\"wp-block-heading\"><strong>Facilitaci\u00f3n en la Emisi\u00f3n de Facturas en Moneda Extranjera<\/strong><\/h3>\n\n\n\n<p>En l\u00ednea con la normativa del <strong>Decreto de Necesidad y Urgencia (DNU) 70\/2023<\/strong>, ARCA ha facilitado las operaciones comerciales en moneda extranjera mediante la <strong>Resoluci\u00f3n General 5616\/2024<\/strong>. Esta medida permite a los contribuyentes utilizar el tipo de cambio vendedor del Banco Naci\u00f3n del d\u00eda h\u00e1bil anterior para la emisi\u00f3n de facturas, automatizando la consignaci\u00f3n del tipo de cambio en comprobantes electr\u00f3nicos y permitiendo el uso de sistemas de facturaci\u00f3n adaptados a estas transacciones.<\/p>\n\n\n\n<h3 class=\"wp-block-heading\"><strong>Transparencia Fiscal: Obligatoriedad de Discriminar el IVA en Facturas<\/strong><\/h3>\n\n\n\n<p>ARCA tambi\u00e9n ha reglamentado un nuevo <strong>r\u00e9gimen de transparencia fiscal<\/strong> que requiere la discriminaci\u00f3n del IVA y otros impuestos indirectos en las facturas. Esta medida, que entra en vigor el 1\u00b0 de enero, inicialmente aplica a grandes empresas y ser\u00e1 obligatoria para todos los responsables inscriptos en IVA a partir del 1\u00b0 de abril de 2025.<\/p>\n\n\n\n<h3 class=\"wp-block-heading\"><strong>Toma Acci\u00f3n<\/strong><\/h3>\n\n\n\n<p>Estos cambios representan una evoluci\u00f3n significativa en las pr\u00e1cticas fiscales y de facturaci\u00f3n en Argentina, impactando directamente en la forma en que las empresas y los profesionales manejan sus obligaciones fiscales y transacciones comerciales.<\/p>\n\n\n\n<p><strong>Para estar completamente informado y adaptarse eficazmente a estos cambios, es recomendable consultar los textos completos de las resoluciones y considerar asesoramiento profesional para garantizar el cumplimiento y aprovechar las oportunidades de reintegro y facilitaci\u00f3n ofrecidas por ARCA.<\/strong><\/p>\n\n\n\n<p><a href=\"https:\/\/servicioscf.afip.gob.ar\/publico\/sitio\/contenido\/novedad\/ver.aspx?id=4469\">Consulta m\u00e1s sobre la percepci\u00f3n de impuestos y las nuevas normativas fiscales aqu\u00ed.<\/a><\/p>\n","protected":false},"excerpt":{"rendered":"<p>Adaptaci\u00f3n al Fin del Impuesto PAIS y Continuidad de Percepciones La Agencia de Recaudaci\u00f3n y Control Aduanero (ARCA) ha actualizado su normativa en relaci\u00f3n al r\u00e9gimen de percepciones debido a la finalizaci\u00f3n del Impuesto Para una Argentina Inclusiva y Solidaria (PAIS), efectivo desde el 22 de diciembre. A trav\u00e9s de la Resoluci\u00f3n General N\u00b0 5617\/2024, [&hellip;]<\/p>\n","protected":false},"author":7,"featured_media":16880,"comment_status":"open","ping_status":"open","sticky":false,"template":"","format":"standard","meta":{"footnotes":""},"categories":[385,49,77,76],"tags":[],"class_list":["post-16879","post","type-post","status-publish","format-standard","has-post-thumbnail","hentry","category-385","category-actualizacion","category-afip","category-argentina"],"_links":{"self":[{"href":"https:\/\/www.prospectiva.com.mx\/index.php?rest_route=\/wp\/v2\/posts\/16879","targetHints":{"allow":["GET"]}}],"collection":[{"href":"https:\/\/www.prospectiva.com.mx\/index.php?rest_route=\/wp\/v2\/posts"}],"about":[{"href":"https:\/\/www.prospectiva.com.mx\/index.php?rest_route=\/wp\/v2\/types\/post"}],"author":[{"embeddable":true,"href":"https:\/\/www.prospectiva.com.mx\/index.php?rest_route=\/wp\/v2\/users\/7"}],"replies":[{"embeddable":true,"href":"https:\/\/www.prospectiva.com.mx\/index.php?rest_route=%2Fwp%2Fv2%2Fcomments&post=16879"}],"version-history":[{"count":2,"href":"https:\/\/www.prospectiva.com.mx\/index.php?rest_route=\/wp\/v2\/posts\/16879\/revisions"}],"predecessor-version":[{"id":16882,"href":"https:\/\/www.prospectiva.com.mx\/index.php?rest_route=\/wp\/v2\/posts\/16879\/revisions\/16882"}],"wp:featuredmedia":[{"embeddable":true,"href":"https:\/\/www.prospectiva.com.mx\/index.php?rest_route=\/wp\/v2\/media\/16880"}],"wp:attachment":[{"href":"https:\/\/www.prospectiva.com.mx\/index.php?rest_route=%2Fwp%2Fv2%2Fmedia&parent=16879"}],"wp:term":[{"taxonomy":"category","embeddable":true,"href":"https:\/\/www.prospectiva.com.mx\/index.php?rest_route=%2Fwp%2Fv2%2Fcategories&post=16879"},{"taxonomy":"post_tag","embeddable":true,"href":"https:\/\/www.prospectiva.com.mx\/index.php?rest_route=%2Fwp%2Fv2%2Ftags&post=16879"}],"curies":[{"name":"wp","href":"https:\/\/api.w.org\/{rel}","templated":true}]}}