{"id":16709,"date":"2024-11-26T11:26:20","date_gmt":"2024-11-26T17:26:20","guid":{"rendered":"https:\/\/www.prospectiva.com.mx\/?p=16709"},"modified":"2024-11-26T11:26:22","modified_gmt":"2024-11-26T17:26:22","slug":"europa-avanza-hacia-la-facturacion-electronica-con-la-aprobacion-del-paquete-vida","status":"publish","type":"post","link":"https:\/\/www.prospectiva.com.mx\/?p=16709","title":{"rendered":"Europa Avanza Hacia la Facturaci\u00f3n Electr\u00f3nica con la Aprobaci\u00f3n del Paquete ViDA"},"content":{"rendered":"\n<h3 class=\"wp-block-heading\"><strong>Un Futuro Digitalizado para el IVA en Europa<\/strong><\/h3>\n\n\n\n<p>En un importante desarrollo para el sistema fiscal europeo, el <strong>Consejo Europeo<\/strong> ha aprobado un ambicioso paquete de reformas, conocido como <strong>ViDA (IVA en la era digital)<\/strong>, durante la reuni\u00f3n ECOFIN el 5 de noviembre de 2024. Este paquete de medidas representa un paso decisivo hacia la estandarizaci\u00f3n y digitalizaci\u00f3n del Impuesto al Valor Agregado (IVA) en la Uni\u00f3n Europea.<\/p>\n\n\n\n<h3 class=\"wp-block-heading\"><strong>Cronograma de Implementaci\u00f3n y Cambios Graduales<\/strong><\/h3>\n\n\n\n<p>El plan de implementaci\u00f3n se extiende desde <strong>2025 hasta 2035<\/strong>, periodo durante el cual se introducir\u00e1n cambios graduales para unificar los sistemas de facturaci\u00f3n electr\u00f3nica de los Estados miembros. Este cambio estructural promete facilitar las transacciones comerciales intracomunitarias y mejorar la eficiencia en la recaudaci\u00f3n del IVA.<\/p>\n\n\n\n<p><strong>Puntos clave del paquete ViDA<\/strong>:<\/p>\n\n\n\n<ul class=\"wp-block-list\">\n<li><strong>Inicio de la implementaci\u00f3n en 2025<\/strong>: Adopci\u00f3n inicial de medidas para comenzar la transici\u00f3n hacia un sistema de IVA completamente digital.<\/li>\n\n\n\n<li><strong>Completa armonizaci\u00f3n para 2035<\/strong>: Todos los Estados miembros deber\u00e1n haber adoptado completamente el sistema unificado de facturaci\u00f3n electr\u00f3nica, garantizando una aplicaci\u00f3n homog\u00e9nea y eficiente del IVA.<\/li>\n<\/ul>\n\n\n\n<h3 class=\"wp-block-heading\"><strong>Innovaciones Principales del Paquete ViDA<\/strong><\/h3>\n\n\n\n<p>Las reformas introducen varios elementos innovadores destinados a simplificar la gesti\u00f3n del IVA y fortalecer el cumplimiento fiscal:<\/p>\n\n\n\n<ul class=\"wp-block-list\">\n<li><strong>Eliminaci\u00f3n de aprobaciones previas<\/strong>: Se suprime la necesidad de obtener aprobaci\u00f3n de la Comisi\u00f3n Europea para sistemas de facturaci\u00f3n electr\u00f3nica dom\u00e9sticos.<\/li>\n\n\n\n<li><strong>Expansi\u00f3n del OSS<\/strong>: El sistema de ventanilla \u00fanica (One-Stop Shop) se expande para abarcar m\u00e1s tipos de transacciones, facilitando a las empresas la gesti\u00f3n de sus obligaciones de IVA en toda la UE.<\/li>\n\n\n\n<li><strong>Requisitos de Reporte Digital (DRR)<\/strong>: Se introducen requisitos obligatorios de reporte digital para transacciones intra-UE, basados en la facturaci\u00f3n electr\u00f3nica, lo que mejora la transparencia y la eficacia del control fiscal.<\/li>\n<\/ul>\n\n\n\n<h3 class=\"wp-block-heading\"><strong>Implicaciones y Beneficios para las Empresas<\/strong><\/h3>\n\n\n\n<p>La adopci\u00f3n de un sistema de facturaci\u00f3n electr\u00f3nica unificado trae m\u00faltiples beneficios para las empresas en la UE:<\/p>\n\n\n\n<ul class=\"wp-block-list\">\n<li><strong>Reducci\u00f3n de la Burocracia<\/strong>: Menos requisitos formales y simplificaci\u00f3n de los procesos de facturaci\u00f3n.<\/li>\n\n\n\n<li><strong>Mejor Cumplimiento Fiscal<\/strong>: Mayor facilidad para cumplir con las regulaciones del IVA gracias a procesos estandarizados y digitalizados.<\/li>\n\n\n\n<li><strong>Eficiencia Operativa<\/strong>: Reducci\u00f3n en los tiempos y costos asociados al manejo del IVA para transacciones intracomunitarias.<\/li>\n<\/ul>\n\n\n\n<h3 class=\"wp-block-heading\"><strong>Acci\u00f3n Recomendada: Preparaci\u00f3n para la Transici\u00f3n<\/strong><\/h3>\n\n\n\n<p><strong>Empresas y profesionales del sector fiscal<\/strong> deben empezar a prepararse para estos cambios. Es esencial mantenerse informado sobre las especificaciones t\u00e9cnicas y las fechas clave del cronograma de implementaci\u00f3n para garantizar una transici\u00f3n suave.<\/p>\n\n\n\n<p>Para m\u00e1s detalles sobre c\u00f3mo prepararse para la implementaci\u00f3n del paquete ViDA y aprovechar al m\u00e1ximo las nuevas oportunidades que ofrece, visite <a href=\"https:\/\/www.consilium.europa.eu\/\">el sitio oficial del Consejo Europeo<\/a>.<\/p>\n\n\n\n<p><strong>\u00a1Act\u00faa ahora!<\/strong> Prep\u00e1rate para adaptarte a un entorno fiscal m\u00e1s digital y eficiente en la Uni\u00f3n Europea.<\/p>\n","protected":false},"excerpt":{"rendered":"<p>Un Futuro Digitalizado para el IVA en Europa En un importante desarrollo para el sistema fiscal europeo, el Consejo Europeo ha aprobado un ambicioso paquete de reformas, conocido como ViDA (IVA en la era digital), durante la reuni\u00f3n ECOFIN el 5 de noviembre de 2024. Este paquete de medidas representa un paso decisivo hacia la [&hellip;]<\/p>\n","protected":false},"author":7,"featured_media":16710,"comment_status":"open","ping_status":"open","sticky":false,"template":"","format":"standard","meta":{"footnotes":""},"categories":[385,49,380],"tags":[],"class_list":["post-16709","post","type-post","status-publish","format-standard","has-post-thumbnail","hentry","category-385","category-actualizacion","category-europa"],"_links":{"self":[{"href":"https:\/\/www.prospectiva.com.mx\/index.php?rest_route=\/wp\/v2\/posts\/16709","targetHints":{"allow":["GET"]}}],"collection":[{"href":"https:\/\/www.prospectiva.com.mx\/index.php?rest_route=\/wp\/v2\/posts"}],"about":[{"href":"https:\/\/www.prospectiva.com.mx\/index.php?rest_route=\/wp\/v2\/types\/post"}],"author":[{"embeddable":true,"href":"https:\/\/www.prospectiva.com.mx\/index.php?rest_route=\/wp\/v2\/users\/7"}],"replies":[{"embeddable":true,"href":"https:\/\/www.prospectiva.com.mx\/index.php?rest_route=%2Fwp%2Fv2%2Fcomments&post=16709"}],"version-history":[{"count":2,"href":"https:\/\/www.prospectiva.com.mx\/index.php?rest_route=\/wp\/v2\/posts\/16709\/revisions"}],"predecessor-version":[{"id":16712,"href":"https:\/\/www.prospectiva.com.mx\/index.php?rest_route=\/wp\/v2\/posts\/16709\/revisions\/16712"}],"wp:featuredmedia":[{"embeddable":true,"href":"https:\/\/www.prospectiva.com.mx\/index.php?rest_route=\/wp\/v2\/media\/16710"}],"wp:attachment":[{"href":"https:\/\/www.prospectiva.com.mx\/index.php?rest_route=%2Fwp%2Fv2%2Fmedia&parent=16709"}],"wp:term":[{"taxonomy":"category","embeddable":true,"href":"https:\/\/www.prospectiva.com.mx\/index.php?rest_route=%2Fwp%2Fv2%2Fcategories&post=16709"},{"taxonomy":"post_tag","embeddable":true,"href":"https:\/\/www.prospectiva.com.mx\/index.php?rest_route=%2Fwp%2Fv2%2Ftags&post=16709"}],"curies":[{"name":"wp","href":"https:\/\/api.w.org\/{rel}","templated":true}]}}