{"id":16458,"date":"2024-10-16T23:47:38","date_gmt":"2024-10-17T05:47:38","guid":{"rendered":"https:\/\/www.prospectiva.com.mx\/?p=16458"},"modified":"2024-10-16T23:47:41","modified_gmt":"2024-10-17T05:47:41","slug":"restriccion-temporal-a-la-emision-de-facturas-en-chile","status":"publish","type":"post","link":"https:\/\/www.prospectiva.com.mx\/?p=16458","title":{"rendered":"Restricci\u00f3n Temporal a la Emisi\u00f3n de Facturas en Chile"},"content":{"rendered":"\n<h3 class=\"wp-block-heading\"><strong>\u00bfQu\u00e9 es la Restricci\u00f3n Temporal a la Emisi\u00f3n de Facturas?<\/strong><\/h3>\n\n\n\n<p>El Servicio de Impuestos Internos (SII) de Chile ha implementado una <strong>restricci\u00f3n temporal a la emisi\u00f3n de facturas<\/strong> como medida para combatir el comportamiento agresivo en la evasi\u00f3n fiscal. Esta medida busca identificar y prevenir pr\u00e1cticas fiscales indebidas, garantizando que todas las operaciones comerciales cumplen con la normativa vigente.<\/p>\n\n\n\n<h3 class=\"wp-block-heading\"><strong>Detalles de la Restricci\u00f3n Temporal<\/strong><\/h3>\n\n\n\n<p>Esta restricci\u00f3n implica que ciertos contribuyentes identificados por el SII por pr\u00e1cticas sospechosas o inconsistentes no podr\u00e1n emitir facturas durante un per\u00edodo determinado. La medida es una respuesta directa a las actividades que el SII considera como potenciales riesgos para la recaudaci\u00f3n fiscal y la transparencia comercial.<\/p>\n\n\n\n<figure class=\"wp-block-image size-full\"><img fetchpriority=\"high\" decoding=\"async\" width=\"680\" height=\"340\" src=\"https:\/\/www.prospectiva.com.mx\/wp-content\/uploads\/2024\/10\/image-8.png\" alt=\"\" class=\"wp-image-16460\" srcset=\"https:\/\/www.prospectiva.com.mx\/wp-content\/uploads\/2024\/10\/image-8.png 680w, https:\/\/www.prospectiva.com.mx\/wp-content\/uploads\/2024\/10\/image-8-300x150.png 300w\" sizes=\"(max-width: 680px) 100vw, 680px\" \/><\/figure>\n\n\n\n<h3 class=\"wp-block-heading\"><strong>Beneficios de la Medida<\/strong><\/h3>\n\n\n\n<ul class=\"wp-block-list\">\n<li><strong>Mejora de la Transparencia:<\/strong> Ayuda a garantizar que las transacciones comerciales sean transparentes y rastreables.<\/li>\n\n\n\n<li><strong>Prevenci\u00f3n de la Evasi\u00f3n Fiscal:<\/strong> Contribuye a reducir la evasi\u00f3n fiscal y las pr\u00e1cticas comerciales desleales.<\/li>\n\n\n\n<li><strong>Protecci\u00f3n del Mercado:<\/strong> Protege a los comerciantes leg\u00edtimos al crear un ambiente de negocio m\u00e1s justo y regulado.<\/li>\n<\/ul>\n\n\n\n<h3 class=\"wp-block-heading\"><strong>\u00bfC\u00f3mo Puede Ayudarte Prospectiva en Tecnolog\u00eda?<\/strong><\/h3>\n\n\n\n<p>En <strong>Prospectiva en Tecnolog\u00eda<\/strong>, ofrecemos herramientas y asesoramiento para ayudarte a adaptarte a estas nuevas regulaciones sin afectar la operatividad de tu negocio. Nuestros servicios incluyen:<\/p>\n\n\n\n<ul class=\"wp-block-list\">\n<li><strong>Asesor\u00eda Legal y Fiscal:<\/strong> Te ayudamos a entender las implicaciones de esta restricci\u00f3n y c\u00f3mo mantener tu negocio en cumplimiento.<\/li>\n\n\n\n<li><strong>Soluciones Tecnol\u00f3gicas:<\/strong> Implementamos sistemas que aseguran la correcta emisi\u00f3n de documentos fiscales y el cumplimiento de todas las normativas vigentes.<\/li>\n\n\n\n<li><strong>Capacitaci\u00f3n y Soporte:<\/strong> Ofrecemos capacitaci\u00f3n a tu equipo sobre las nuevas regulaciones y proporcionamos soporte continuo para cualquier consulta o problema que pueda surgir.<\/li>\n<\/ul>\n\n\n\n<h3 class=\"wp-block-heading\"><strong>Toma Acci\u00f3n: Asegura la Continuidad de tu Negocio<\/strong><\/h3>\n\n\n\n<p><strong>Cont\u00e1ctanos<\/strong> hoy para m\u00e1s informaci\u00f3n sobre c\u00f3mo podemos ayudarte a manejar estas nuevas regulaciones y mantener tu negocio en pleno funcionamiento. Aprovecha nuestros servicios de asesor\u00eda y tecnolog\u00eda para asegurarte de que tu empresa sigue siendo competitiva y cumple con todas las disposiciones legales.<\/p>\n","protected":false},"excerpt":{"rendered":"<p>\u00bfQu\u00e9 es la Restricci\u00f3n Temporal a la Emisi\u00f3n de Facturas? El Servicio de Impuestos Internos (SII) de Chile ha implementado una restricci\u00f3n temporal a la emisi\u00f3n de facturas como medida para combatir el comportamiento agresivo en la evasi\u00f3n fiscal. Esta medida busca identificar y prevenir pr\u00e1cticas fiscales indebidas, garantizando que todas las operaciones comerciales cumplen [&hellip;]<\/p>\n","protected":false},"author":7,"featured_media":16459,"comment_status":"open","ping_status":"open","sticky":false,"template":"","format":"standard","meta":{"footnotes":""},"categories":[385,49,94,95],"tags":[],"class_list":["post-16458","post","type-post","status-publish","format-standard","has-post-thumbnail","hentry","category-385","category-actualizacion","category-chile","category-sii"],"_links":{"self":[{"href":"https:\/\/www.prospectiva.com.mx\/index.php?rest_route=\/wp\/v2\/posts\/16458","targetHints":{"allow":["GET"]}}],"collection":[{"href":"https:\/\/www.prospectiva.com.mx\/index.php?rest_route=\/wp\/v2\/posts"}],"about":[{"href":"https:\/\/www.prospectiva.com.mx\/index.php?rest_route=\/wp\/v2\/types\/post"}],"author":[{"embeddable":true,"href":"https:\/\/www.prospectiva.com.mx\/index.php?rest_route=\/wp\/v2\/users\/7"}],"replies":[{"embeddable":true,"href":"https:\/\/www.prospectiva.com.mx\/index.php?rest_route=%2Fwp%2Fv2%2Fcomments&post=16458"}],"version-history":[{"count":2,"href":"https:\/\/www.prospectiva.com.mx\/index.php?rest_route=\/wp\/v2\/posts\/16458\/revisions"}],"predecessor-version":[{"id":16462,"href":"https:\/\/www.prospectiva.com.mx\/index.php?rest_route=\/wp\/v2\/posts\/16458\/revisions\/16462"}],"wp:featuredmedia":[{"embeddable":true,"href":"https:\/\/www.prospectiva.com.mx\/index.php?rest_route=\/wp\/v2\/media\/16459"}],"wp:attachment":[{"href":"https:\/\/www.prospectiva.com.mx\/index.php?rest_route=%2Fwp%2Fv2%2Fmedia&parent=16458"}],"wp:term":[{"taxonomy":"category","embeddable":true,"href":"https:\/\/www.prospectiva.com.mx\/index.php?rest_route=%2Fwp%2Fv2%2Fcategories&post=16458"},{"taxonomy":"post_tag","embeddable":true,"href":"https:\/\/www.prospectiva.com.mx\/index.php?rest_route=%2Fwp%2Fv2%2Ftags&post=16458"}],"curies":[{"name":"wp","href":"https:\/\/api.w.org\/{rel}","templated":true}]}}