{"id":16439,"date":"2024-10-10T17:32:19","date_gmt":"2024-10-10T23:32:19","guid":{"rendered":"https:\/\/www.prospectiva.com.mx\/?p=16439"},"modified":"2024-10-10T17:32:22","modified_gmt":"2024-10-10T23:32:22","slug":"ecuador-sri-exoneracion-de-iva-para-generadores-electricos","status":"publish","type":"post","link":"https:\/\/www.prospectiva.com.mx\/?p=16439","title":{"rendered":"Ecuador SRI: Exoneraci\u00f3n de IVA para Generadores El\u00e9ctricos"},"content":{"rendered":"\n<h3 class=\"wp-block-heading\"><strong>Nueva Medida Fiscal Beneficia a Importadores y Vendedores Locales<\/strong><\/h3>\n\n\n\n<p>El Servicio de Rentas Internas (SRI) de Ecuador ha anunciado una significativa actualizaci\u00f3n fiscal que beneficia a la industria de generadores el\u00e9ctricos. Seg\u00fan el <strong>Decreto Ejecutivo 411<\/strong>, a partir de ahora, los generadores el\u00e9ctricos disfrutar\u00e1n de una <strong>tarifa del 0% de IVA<\/strong>, tanto para su importaci\u00f3n como para su venta local. Esta medida busca fomentar el uso de soluciones energ\u00e9ticas m\u00e1s eficientes y accesibles en todo el territorio nacional.<\/p>\n\n\n\n<figure class=\"wp-block-image size-full\"><img fetchpriority=\"high\" decoding=\"async\" width=\"765\" height=\"765\" src=\"https:\/\/www.prospectiva.com.mx\/wp-content\/uploads\/2024\/10\/image-4.png\" alt=\"\" class=\"wp-image-16441\" srcset=\"https:\/\/www.prospectiva.com.mx\/wp-content\/uploads\/2024\/10\/image-4.png 765w, https:\/\/www.prospectiva.com.mx\/wp-content\/uploads\/2024\/10\/image-4-300x300.png 300w, https:\/\/www.prospectiva.com.mx\/wp-content\/uploads\/2024\/10\/image-4-150x150.png 150w\" sizes=\"(max-width: 765px) 100vw, 765px\" \/><\/figure>\n\n\n\n<h3 class=\"wp-block-heading\"><strong>Impacto de la Exenci\u00f3n del IVA en el Sector Energ\u00e9tico<\/strong><\/h3>\n\n\n\n<p>La aplicaci\u00f3n de una tarifa del 0% de IVA a los generadores el\u00e9ctricos es una noticia excelente para empresas y consumidores, ya que reduce el costo total de adquisici\u00f3n y operaci\u00f3n de estos equipos esenciales. Se espera que esta exenci\u00f3n no solo impulse el crecimiento del sector energ\u00e9tico, sino que tambi\u00e9n facilite el acceso a soluciones de energ\u00eda en \u00e1reas donde la red el\u00e9ctrica tiene limitaciones o es inexistente.<\/p>\n\n\n\n<h3 class=\"wp-block-heading\"><strong>\u00bfC\u00f3mo Puede Ayudarte Prospectiva en Tecnolog\u00eda?<\/strong><\/h3>\n\n\n\n<p>En <strong>Prospectiva en Tecnolog\u00eda<\/strong>, estamos listos para ayudarte a aprovechar estas nuevas oportunidades fiscales:<\/p>\n\n\n\n<ul class=\"wp-block-list\">\n<li><strong>Consultor\u00eda Fiscal y Tributaria<\/strong>: Ofrecemos servicios de consultor\u00eda para asegurar que tu empresa se beneficie completamente de las nuevas exenciones fiscales y cumpla con todas las regulaciones tributarias vigentes.<\/li>\n\n\n\n<li><strong>Integraci\u00f3n Tecnol\u00f3gica<\/strong>: Implementamos soluciones tecnol\u00f3gicas que optimizan la gesti\u00f3n fiscal y financiera de tu empresa, permiti\u00e9ndote maximizar los beneficios de las pol\u00edticas impositivas actuales.<\/li>\n\n\n\n<li><strong>Capacitaciones y Seminarios<\/strong>: Mantente al d\u00eda con las \u00faltimas novedades fiscales y aprende c\u00f3mo pueden impactar en tu negocio a trav\u00e9s de nuestras capacitaciones especializadas.<\/li>\n<\/ul>\n\n\n\n<h3 class=\"wp-block-heading\"><strong>Toma Acci\u00f3n: Optimiza Tu Gesti\u00f3n Fiscal<\/strong><\/h3>\n\n\n\n<p><strong>Cont\u00e1ctanos<\/strong> para m\u00e1s informaci\u00f3n sobre c\u00f3mo nuestras soluciones pueden ayudarte a optimizar tu carga fiscal y mejorar la eficiencia operativa de tu negocio. En <strong>Prospectiva en Tecnolog\u00eda<\/strong>, te proporcionamos las herramientas y el conocimiento necesario para navegar el complejo sistema tributario ecuatoriano con confianza y eficacia.<\/p>\n\n\n\n<p>Descubre m\u00e1s detalles sobre esta nueva medida en el enlace del <strong>Decreto Ejecutivo 411<\/strong>: <a href=\"http:\/\/bit.ly\/Decreto411_2024\"><strong><mark style=\"background-color:rgba(0, 0, 0, 0)\" class=\"has-inline-color has-vivid-cyan-blue-color\">bit.ly\/Decreto411_2024<\/mark><\/strong><\/a><\/p>\n","protected":false},"excerpt":{"rendered":"<p>Nueva Medida Fiscal Beneficia a Importadores y Vendedores Locales El Servicio de Rentas Internas (SRI) de Ecuador ha anunciado una significativa actualizaci\u00f3n fiscal que beneficia a la industria de generadores el\u00e9ctricos. Seg\u00fan el Decreto Ejecutivo 411, a partir de ahora, los generadores el\u00e9ctricos disfrutar\u00e1n de una tarifa del 0% de IVA, tanto para su importaci\u00f3n [&hellip;]<\/p>\n","protected":false},"author":7,"featured_media":16440,"comment_status":"open","ping_status":"open","sticky":false,"template":"","format":"standard","meta":{"footnotes":""},"categories":[385,49,56,52],"tags":[],"class_list":["post-16439","post","type-post","status-publish","format-standard","has-post-thumbnail","hentry","category-385","category-actualizacion","category-ecuador","category-sri"],"_links":{"self":[{"href":"https:\/\/www.prospectiva.com.mx\/index.php?rest_route=\/wp\/v2\/posts\/16439","targetHints":{"allow":["GET"]}}],"collection":[{"href":"https:\/\/www.prospectiva.com.mx\/index.php?rest_route=\/wp\/v2\/posts"}],"about":[{"href":"https:\/\/www.prospectiva.com.mx\/index.php?rest_route=\/wp\/v2\/types\/post"}],"author":[{"embeddable":true,"href":"https:\/\/www.prospectiva.com.mx\/index.php?rest_route=\/wp\/v2\/users\/7"}],"replies":[{"embeddable":true,"href":"https:\/\/www.prospectiva.com.mx\/index.php?rest_route=%2Fwp%2Fv2%2Fcomments&post=16439"}],"version-history":[{"count":1,"href":"https:\/\/www.prospectiva.com.mx\/index.php?rest_route=\/wp\/v2\/posts\/16439\/revisions"}],"predecessor-version":[{"id":16442,"href":"https:\/\/www.prospectiva.com.mx\/index.php?rest_route=\/wp\/v2\/posts\/16439\/revisions\/16442"}],"wp:featuredmedia":[{"embeddable":true,"href":"https:\/\/www.prospectiva.com.mx\/index.php?rest_route=\/wp\/v2\/media\/16440"}],"wp:attachment":[{"href":"https:\/\/www.prospectiva.com.mx\/index.php?rest_route=%2Fwp%2Fv2%2Fmedia&parent=16439"}],"wp:term":[{"taxonomy":"category","embeddable":true,"href":"https:\/\/www.prospectiva.com.mx\/index.php?rest_route=%2Fwp%2Fv2%2Fcategories&post=16439"},{"taxonomy":"post_tag","embeddable":true,"href":"https:\/\/www.prospectiva.com.mx\/index.php?rest_route=%2Fwp%2Fv2%2Ftags&post=16439"}],"curies":[{"name":"wp","href":"https:\/\/api.w.org\/{rel}","templated":true}]}}