{"id":16430,"date":"2024-10-10T17:26:45","date_gmt":"2024-10-10T23:26:45","guid":{"rendered":"https:\/\/www.prospectiva.com.mx\/?p=16430"},"modified":"2024-10-10T17:26:47","modified_gmt":"2024-10-10T23:26:47","slug":"ministerio-de-hacienda-de-costa-rica-anuncia-plazo-para-la-declaracion-de-transparencia-y-beneficiarios-finales","status":"publish","type":"post","link":"https:\/\/www.prospectiva.com.mx\/?p=16430","title":{"rendered":"Ministerio de Hacienda de Costa Rica Anuncia Plazo para la Declaraci\u00f3n de Transparencia y Beneficiarios Finales"},"content":{"rendered":"\n<h3 class=\"wp-block-heading\"><strong>Presentaci\u00f3n Obligatoria en Octubre<\/strong><\/h3>\n\n\n\n<p>El Ministerio de Hacienda de Costa Rica ha establecido que, desde el <strong>1 hasta el 31 de octubre<\/strong>, todos los sujetos obligados deber\u00e1n presentar su declaraci\u00f3n en el <strong>Registro de Transparencia y Beneficiarios Finales<\/strong>. Esta medida busca incrementar la transparencia fiscal y combatir la evasi\u00f3n y elusi\u00f3n de impuestos en el pa\u00eds.<\/p>\n\n\n\n<figure class=\"wp-block-image size-full\"><img fetchpriority=\"high\" decoding=\"async\" width=\"808\" height=\"808\" src=\"https:\/\/www.prospectiva.com.mx\/wp-content\/uploads\/2024\/10\/image-2.png\" alt=\"\" class=\"wp-image-16432\" srcset=\"https:\/\/www.prospectiva.com.mx\/wp-content\/uploads\/2024\/10\/image-2.png 808w, https:\/\/www.prospectiva.com.mx\/wp-content\/uploads\/2024\/10\/image-2-300x300.png 300w, https:\/\/www.prospectiva.com.mx\/wp-content\/uploads\/2024\/10\/image-2-150x150.png 150w, https:\/\/www.prospectiva.com.mx\/wp-content\/uploads\/2024\/10\/image-2-768x768.png 768w\" sizes=\"(max-width: 808px) 100vw, 808px\" \/><\/figure>\n\n\n\n<h3 class=\"wp-block-heading\"><\/h3>\n\n\n\n<h3 class=\"wp-block-heading\"><strong>\u00bfC\u00f3mo Puede Ayudarte Prospectiva en Tecnolog\u00eda?<\/strong><\/h3>\n\n\n\n<p>En <strong>Prospectiva en Tecnolog\u00eda<\/strong>, comprendemos la importancia de cumplir con las obligaciones tributarias y legales para mantener la operatividad y reputaci\u00f3n de tu empresa:<\/p>\n\n\n\n<ul class=\"wp-block-list\">\n<li><strong>Asesor\u00eda Especializada<\/strong>: Te ofrecemos consultor\u00eda especializada para entender a fondo los requisitos del Registro de Transparencia y Beneficiarios Finales y c\u00f3mo afectan a tu empresa.<\/li>\n\n\n\n<li><strong>Automatizaci\u00f3n y Seguridad<\/strong>: Implementamos soluciones tecnol\u00f3gicas que automatizan la recolecci\u00f3n y presentaci\u00f3n de los datos requeridos, asegurando precisi\u00f3n y reduciendo el riesgo de errores.<\/li>\n\n\n\n<li><strong>Cumplimiento sin Esfuerzo<\/strong>: Aseguramos que tu negocio cumpla con todas las normativas vigentes, permiti\u00e9ndote concentrarte en crecer tu empresa sin preocupaciones legales o fiscales.<\/li>\n<\/ul>\n\n\n\n<h3 class=\"wp-block-heading\"><strong>Toma Acci\u00f3n: No Esperes Hasta \u00daltimo Momento<\/strong><\/h3>\n\n\n\n<p><strong>Cont\u00e1ctanos<\/strong> hoy mismo para asegurarte de que tu empresa cumple adecuadamente con esta obligaci\u00f3n antes del plazo final del 31 de octubre. \u00a1En Prospectiva en Tecnolog\u00eda, estamos aqu\u00ed para ayudarte a navegar estos procesos con facilidad y seguridad!<\/p>\n","protected":false},"excerpt":{"rendered":"<p>Presentaci\u00f3n Obligatoria en Octubre El Ministerio de Hacienda de Costa Rica ha establecido que, desde el 1 hasta el 31 de octubre, todos los sujetos obligados deber\u00e1n presentar su declaraci\u00f3n en el Registro de Transparencia y Beneficiarios Finales. Esta medida busca incrementar la transparencia fiscal y combatir la evasi\u00f3n y elusi\u00f3n de impuestos en el [&hellip;]<\/p>\n","protected":false},"author":7,"featured_media":16431,"comment_status":"open","ping_status":"open","sticky":false,"template":"","format":"standard","meta":{"footnotes":""},"categories":[385,49,102,120],"tags":[],"class_list":["post-16430","post","type-post","status-publish","format-standard","has-post-thumbnail","hentry","category-385","category-actualizacion","category-costa-rica","category-latam"],"_links":{"self":[{"href":"https:\/\/www.prospectiva.com.mx\/index.php?rest_route=\/wp\/v2\/posts\/16430","targetHints":{"allow":["GET"]}}],"collection":[{"href":"https:\/\/www.prospectiva.com.mx\/index.php?rest_route=\/wp\/v2\/posts"}],"about":[{"href":"https:\/\/www.prospectiva.com.mx\/index.php?rest_route=\/wp\/v2\/types\/post"}],"author":[{"embeddable":true,"href":"https:\/\/www.prospectiva.com.mx\/index.php?rest_route=\/wp\/v2\/users\/7"}],"replies":[{"embeddable":true,"href":"https:\/\/www.prospectiva.com.mx\/index.php?rest_route=%2Fwp%2Fv2%2Fcomments&post=16430"}],"version-history":[{"count":1,"href":"https:\/\/www.prospectiva.com.mx\/index.php?rest_route=\/wp\/v2\/posts\/16430\/revisions"}],"predecessor-version":[{"id":16433,"href":"https:\/\/www.prospectiva.com.mx\/index.php?rest_route=\/wp\/v2\/posts\/16430\/revisions\/16433"}],"wp:featuredmedia":[{"embeddable":true,"href":"https:\/\/www.prospectiva.com.mx\/index.php?rest_route=\/wp\/v2\/media\/16431"}],"wp:attachment":[{"href":"https:\/\/www.prospectiva.com.mx\/index.php?rest_route=%2Fwp%2Fv2%2Fmedia&parent=16430"}],"wp:term":[{"taxonomy":"category","embeddable":true,"href":"https:\/\/www.prospectiva.com.mx\/index.php?rest_route=%2Fwp%2Fv2%2Fcategories&post=16430"},{"taxonomy":"post_tag","embeddable":true,"href":"https:\/\/www.prospectiva.com.mx\/index.php?rest_route=%2Fwp%2Fv2%2Ftags&post=16430"}],"curies":[{"name":"wp","href":"https:\/\/api.w.org\/{rel}","templated":true}]}}