{"id":15557,"date":"2024-08-05T16:24:03","date_gmt":"2024-08-05T22:24:03","guid":{"rendered":"https:\/\/www.prospectiva.com.mx\/?p=15557"},"modified":"2024-08-05T16:24:06","modified_gmt":"2024-08-05T22:24:06","slug":"eslovenia-avanza-hacia-la-facturacion-electronica-b2b-obligatoria","status":"publish","type":"post","link":"https:\/\/www.prospectiva.com.mx\/?p=15557","title":{"rendered":"Eslovenia Avanza hacia la Facturaci\u00f3n Electr\u00f3nica B2B Obligatoria"},"content":{"rendered":"\n<h2 class=\"wp-block-heading\"><strong>Nueva Legislaci\u00f3n para la Facturaci\u00f3n Electr\u00f3nica en Eslovenia<\/strong><\/h2>\n\n\n\n<p>Eslovenia se prepara para un cambio significativo en su sistema de facturaci\u00f3n, introduciendo la <strong>factura electr\u00f3nica B2B obligatoria<\/strong>. El gobierno esloveno ha presentado un <strong>proyecto de ley<\/strong> que obligar\u00e1 a todos los contribuyentes a adoptar la facturaci\u00f3n electr\u00f3nica para las transacciones entre empresas (B2B) a partir del <strong>1 de junio de 2026<\/strong>. Este cambio no solo afectar\u00e1 a las empresas locales, sino tambi\u00e9n a las transacciones transfronterizas, marcando un paso importante en la modernizaci\u00f3n de los procesos fiscales del pa\u00eds.<\/p>\n\n\n\n<h3 class=\"wp-block-heading\"><strong>Caracter\u00edsticas Clave del Proyecto de Ley<\/strong><\/h3>\n\n\n\n<ul class=\"wp-block-list\">\n<li><strong>Modelo Centralizado:<\/strong> Todas las facturas electr\u00f3nicas deber\u00e1n ser notificadas a la autoridad fiscal eslovena, conocida como FURS.<\/li>\n\n\n\n<li><strong>Formato e-SLOG:<\/strong> Las facturas deben enviarse utilizando el formato e-SLOG, estandarizado y desarrollado por la C\u00e1mara de Comercio de Eslovenia, dentro de los 8 d\u00edas siguientes a su emisi\u00f3n y recepci\u00f3n.<\/li>\n\n\n\n<li><strong>Exclusi\u00f3n de Transacciones B2C:<\/strong> Inicialmente, la legislaci\u00f3n no abarcar\u00e1 las transacciones entre empresas y consumidores (B2C).<\/li>\n<\/ul>\n\n\n\n<h3 class=\"wp-block-heading\"><strong>Ventajas de Nuestra Soluci\u00f3n en Prospectiva en Tecnolog\u00eda<\/strong><\/h3>\n\n\n\n<p>En <strong>Prospectiva en Tecnolog\u00eda<\/strong>, entendemos la importancia de mantenerse al d\u00eda con las regulaciones fiscales globales y ofrecemos soluciones que simplifican este proceso:<\/p>\n\n\n\n<ol class=\"wp-block-list\">\n<li><strong>Adaptaci\u00f3n Autom\u00e1tica a Normativas:<\/strong> Nuestro sistema se actualiza autom\u00e1ticamente para cumplir con las normativas m\u00e1s recientes, incluyendo la integraci\u00f3n del formato e-SLOG.<\/li>\n\n\n\n<li><strong>Integraci\u00f3n Completa:<\/strong> Conectamos directamente con sistemas de administraci\u00f3n tributaria para una transmisi\u00f3n eficiente y segura de facturas electr\u00f3nicas.<\/li>\n\n\n\n<li><strong>Soporte Continuo:<\/strong> Ofrecemos soporte t\u00e9cnico continuo para asegurar que tu empresa cumpla con todos los requisitos fiscales sin interrupciones.<\/li>\n<\/ol>\n\n\n\n<h3 class=\"wp-block-heading\"><strong>Toma Acci\u00f3n<\/strong><\/h3>\n\n\n\n<p>Si tu empresa opera en Eslovenia o tiene transacciones transfronterizas que podr\u00edan verse afectadas por esta nueva legislaci\u00f3n, es crucial comenzar a prepararse ahora. <strong>Prospectiva en Tecnolog\u00eda<\/strong> puede ayudarte a navegar estos cambios con facilidad y asegurar que tu negocio cumpla con todos los requisitos legales. Visita nuestro sitio web para m\u00e1s informaci\u00f3n o contacta directamente con nuestro equipo para una consulta personalizada.<\/p>\n\n\n\n<p><a href=\"https:\/\/www.prospectiva.com.mx\"><strong><mark style=\"background-color:rgba(0, 0, 0, 0)\" class=\"has-inline-color has-vivid-cyan-blue-color\">Descubre m\u00e1s sobre c\u00f3mo podemos ayudarte a adaptarte a las normativas de facturaci\u00f3n electr\u00f3nica<\/mark><\/strong><\/a><\/p>\n","protected":false},"excerpt":{"rendered":"<p>Nueva Legislaci\u00f3n para la Facturaci\u00f3n Electr\u00f3nica en Eslovenia Eslovenia se prepara para un cambio significativo en su sistema de facturaci\u00f3n, introduciendo la factura electr\u00f3nica B2B obligatoria. El gobierno esloveno ha presentado un proyecto de ley que obligar\u00e1 a todos los contribuyentes a adoptar la facturaci\u00f3n electr\u00f3nica para las transacciones entre empresas (B2B) a partir del [&hellip;]<\/p>\n","protected":false},"author":7,"featured_media":15558,"comment_status":"open","ping_status":"open","sticky":false,"template":"","format":"standard","meta":{"footnotes":""},"categories":[385,49,380],"tags":[],"class_list":["post-15557","post","type-post","status-publish","format-standard","has-post-thumbnail","hentry","category-385","category-actualizacion","category-europa"],"_links":{"self":[{"href":"https:\/\/www.prospectiva.com.mx\/index.php?rest_route=\/wp\/v2\/posts\/15557","targetHints":{"allow":["GET"]}}],"collection":[{"href":"https:\/\/www.prospectiva.com.mx\/index.php?rest_route=\/wp\/v2\/posts"}],"about":[{"href":"https:\/\/www.prospectiva.com.mx\/index.php?rest_route=\/wp\/v2\/types\/post"}],"author":[{"embeddable":true,"href":"https:\/\/www.prospectiva.com.mx\/index.php?rest_route=\/wp\/v2\/users\/7"}],"replies":[{"embeddable":true,"href":"https:\/\/www.prospectiva.com.mx\/index.php?rest_route=%2Fwp%2Fv2%2Fcomments&post=15557"}],"version-history":[{"count":2,"href":"https:\/\/www.prospectiva.com.mx\/index.php?rest_route=\/wp\/v2\/posts\/15557\/revisions"}],"predecessor-version":[{"id":15560,"href":"https:\/\/www.prospectiva.com.mx\/index.php?rest_route=\/wp\/v2\/posts\/15557\/revisions\/15560"}],"wp:featuredmedia":[{"embeddable":true,"href":"https:\/\/www.prospectiva.com.mx\/index.php?rest_route=\/wp\/v2\/media\/15558"}],"wp:attachment":[{"href":"https:\/\/www.prospectiva.com.mx\/index.php?rest_route=%2Fwp%2Fv2%2Fmedia&parent=15557"}],"wp:term":[{"taxonomy":"category","embeddable":true,"href":"https:\/\/www.prospectiva.com.mx\/index.php?rest_route=%2Fwp%2Fv2%2Fcategories&post=15557"},{"taxonomy":"post_tag","embeddable":true,"href":"https:\/\/www.prospectiva.com.mx\/index.php?rest_route=%2Fwp%2Fv2%2Ftags&post=15557"}],"curies":[{"name":"wp","href":"https:\/\/api.w.org\/{rel}","templated":true}]}}