{"id":12615,"date":"2023-10-17T15:52:03","date_gmt":"2023-10-17T21:52:03","guid":{"rendered":"https:\/\/www.prospectiva.com.mx\/?p=12615"},"modified":"2023-10-17T15:52:05","modified_gmt":"2023-10-17T21:52:05","slug":"costa-rica-impacto-en-aduanas-y-tributacion","status":"publish","type":"post","link":"https:\/\/www.prospectiva.com.mx\/?p=12615","title":{"rendered":"Costa Rica: Impacto en Aduanas y Tributaci\u00f3n"},"content":{"rendered":"\n<figure class=\"wp-block-image size-full\"><img fetchpriority=\"high\" decoding=\"async\" width=\"680\" height=\"680\" src=\"https:\/\/www.prospectiva.com.mx\/wp-content\/uploads\/2023\/10\/image-6.png\" alt=\"Memo Costa Rica\" class=\"wp-image-12616\" srcset=\"https:\/\/www.prospectiva.com.mx\/wp-content\/uploads\/2023\/10\/image-6.png 680w, https:\/\/www.prospectiva.com.mx\/wp-content\/uploads\/2023\/10\/image-6-300x300.png 300w, https:\/\/www.prospectiva.com.mx\/wp-content\/uploads\/2023\/10\/image-6-150x150.png 150w\" sizes=\"(max-width: 680px) 100vw, 680px\" \/><\/figure>\n\n\n\n<h4 class=\"wp-block-heading\"><strong>Pol\u00edtica Aduanera: \u201cDeclaraci\u00f3n del Consignatario en DUAS de Tr\u00e1nsito Interno 80-80, 80-15 y 80-85\u201d<\/strong><\/h4>\n\n\n\n<p>La Administraci\u00f3n General de Aduanas de Costa Rica presenta la pol\u00edtica &#8220;Declaraci\u00f3n del Consignatario en DUAS de Tr\u00e1nsito Interno 80-80, 80-15 y 80-85&#8221; para consulta p\u00fablica. Se solicitan observaciones durante el plazo del 16 de octubre al 1\u00b0 de noviembre de 2023. Este proyecto busca optimizar los procesos aduaneros relacionados con el tr\u00e1nsito interno, y las contribuciones de la comunidad son fundamentales para su perfeccionamiento.<\/p>\n\n\n\n<h4 class=\"wp-block-heading\"><strong>Procedimiento Aduanero: \u201cProcedimiento de Nacionalizaci\u00f3n de Env\u00edos Postales\u201d<\/strong><\/h4>\n\n\n\n<p>En l\u00ednea con la mejora continua de procesos aduaneros, se presenta el &#8220;Procedimiento de Nacionalizaci\u00f3n de Env\u00edos Postales&#8221; para revisi\u00f3n p\u00fablica. Las observaciones podr\u00e1n enviarse hasta el 17 de octubre de 2023. Este proyecto tiene como objetivo agilizar y transparentar los procedimientos asociados a los env\u00edos postales, y la participaci\u00f3n de la comunidad es esencial en su desarrollo.<\/p>\n\n\n\n<h4 class=\"wp-block-heading\"><strong>Tributaci\u00f3n: \u201cPar\u00e1metros Objetivos para la Valoraci\u00f3n de la Sustancia Econ\u00f3mica de una Entidad\u201d<\/strong><\/h4>\n\n\n\n<p>En el \u00e1mbito tributario, se presenta el proyecto de resoluci\u00f3n &#8220;MH-DGT-RES-XXXX-2023&#8221; que establece par\u00e1metros objetivos para valorar la sustancia econ\u00f3mica de una entidad calificada y su pertenencia a un grupo multinacional. Las observaciones se reciben del 10 al 23 de octubre de 2023. Este proyecto busca brindar claridad y equidad en la valoraci\u00f3n tributaria, y la participaci\u00f3n ciudadana es clave para su mejora.<\/p>\n\n\n\n<h4 class=\"wp-block-heading\"><strong>Reformas Tributarias: Varios Proyectos en Consulta<\/strong><\/h4>\n\n\n\n<p>La Direcci\u00f3n General de Tributaci\u00f3n presenta varios proyectos de resoluci\u00f3n relacionados con requisitos de declaraci\u00f3n jurada, reformas al Decreto Ejecutivo N\u00b043198-H, y aplicaci\u00f3n de tarifas reducidas a insumos b\u00e1sicos. Se invita a expresar observaciones antes del 20 de octubre de 2023. La participaci\u00f3n activa en estos proyectos contribuye a un sistema tributario m\u00e1s eficiente y justo.<\/p>\n\n\n\n<h3 class=\"wp-block-heading\"><strong>Tu Participaci\u00f3n Cuenta: Contribuye a un Entorno Fiscal Transparente<\/strong><\/h3>\n\n\n\n<p>Tu voz es fundamental en la mejora y perfeccionamiento de las pol\u00edticas aduaneras y tributarias en Costa Rica. Descarga los documentos, revisa los detalles y comparte tus observaciones. Contribuyamos juntos a un sistema m\u00e1s transparente, eficiente y equitativo.<\/p>\n","protected":false},"excerpt":{"rendered":"<p>Pol\u00edtica Aduanera: \u201cDeclaraci\u00f3n del Consignatario en DUAS de Tr\u00e1nsito Interno 80-80, 80-15 y 80-85\u201d La Administraci\u00f3n General de Aduanas de Costa Rica presenta la pol\u00edtica &#8220;Declaraci\u00f3n del Consignatario en DUAS de Tr\u00e1nsito Interno 80-80, 80-15 y 80-85&#8221; para consulta p\u00fablica. Se solicitan observaciones durante el plazo del 16 de octubre al 1\u00b0 de noviembre de [&hellip;]<\/p>\n","protected":false},"author":7,"featured_media":0,"comment_status":"open","ping_status":"open","sticky":false,"template":"","format":"standard","meta":{"footnotes":""},"categories":[62,49,84,102],"tags":[],"class_list":["post-12615","post","type-post","status-publish","format-standard","hentry","category-62","category-actualizacion","category-aduana","category-costa-rica"],"_links":{"self":[{"href":"https:\/\/www.prospectiva.com.mx\/index.php?rest_route=\/wp\/v2\/posts\/12615","targetHints":{"allow":["GET"]}}],"collection":[{"href":"https:\/\/www.prospectiva.com.mx\/index.php?rest_route=\/wp\/v2\/posts"}],"about":[{"href":"https:\/\/www.prospectiva.com.mx\/index.php?rest_route=\/wp\/v2\/types\/post"}],"author":[{"embeddable":true,"href":"https:\/\/www.prospectiva.com.mx\/index.php?rest_route=\/wp\/v2\/users\/7"}],"replies":[{"embeddable":true,"href":"https:\/\/www.prospectiva.com.mx\/index.php?rest_route=%2Fwp%2Fv2%2Fcomments&post=12615"}],"version-history":[{"count":1,"href":"https:\/\/www.prospectiva.com.mx\/index.php?rest_route=\/wp\/v2\/posts\/12615\/revisions"}],"predecessor-version":[{"id":12617,"href":"https:\/\/www.prospectiva.com.mx\/index.php?rest_route=\/wp\/v2\/posts\/12615\/revisions\/12617"}],"wp:attachment":[{"href":"https:\/\/www.prospectiva.com.mx\/index.php?rest_route=%2Fwp%2Fv2%2Fmedia&parent=12615"}],"wp:term":[{"taxonomy":"category","embeddable":true,"href":"https:\/\/www.prospectiva.com.mx\/index.php?rest_route=%2Fwp%2Fv2%2Fcategories&post=12615"},{"taxonomy":"post_tag","embeddable":true,"href":"https:\/\/www.prospectiva.com.mx\/index.php?rest_route=%2Fwp%2Fv2%2Ftags&post=12615"}],"curies":[{"name":"wp","href":"https:\/\/api.w.org\/{rel}","templated":true}]}}