{"id":12606,"date":"2023-10-17T15:37:40","date_gmt":"2023-10-17T21:37:40","guid":{"rendered":"https:\/\/www.prospectiva.com.mx\/?p=12606"},"modified":"2023-10-17T15:37:42","modified_gmt":"2023-10-17T21:37:42","slug":"colombia-declaracion-de-retenciones-para-agentes-retenedores","status":"publish","type":"post","link":"https:\/\/www.prospectiva.com.mx\/?p=12606","title":{"rendered":"Colombia: Declaraci\u00f3n de Retenciones para Agentes Retenedores"},"content":{"rendered":"\n<p><strong>\u00bfEres Agente Retenedor o Autorretenedor en Colombia? Aqu\u00ed est\u00e1 la \u00daltima Novedad<\/strong><\/p>\n\n\n\n<p>Si eres responsable del Impuesto sobre la Renta y Complementario, Impuesto de Timbre o Impuesto sobre las Ventas (IVA) en Colombia, es crucial estar al tanto de las \u00faltimas novedades fiscales. En este septiembre, se insta a los agentes retenedores y autorretenedores a realizar la declaraci\u00f3n y pago de las retenciones efectuadas. Aseg\u00farate de cumplir con este requisito clave para mantener la conformidad con las regulaciones fiscales. \u00bfNecesitas m\u00e1s detalles sobre este proceso? \u00a1Sigue leyendo para obtener la informaci\u00f3n esencial!<\/p>\n\n\n\n<figure class=\"wp-block-image size-large\"><img fetchpriority=\"high\" decoding=\"async\" width=\"1024\" height=\"555\" src=\"https:\/\/www.prospectiva.com.mx\/wp-content\/uploads\/2023\/10\/image-4-1024x555.png\" alt=\"Calendario DIAN\" class=\"wp-image-12607\" srcset=\"https:\/\/www.prospectiva.com.mx\/wp-content\/uploads\/2023\/10\/image-4-1024x555.png 1024w, https:\/\/www.prospectiva.com.mx\/wp-content\/uploads\/2023\/10\/image-4-300x163.png 300w, https:\/\/www.prospectiva.com.mx\/wp-content\/uploads\/2023\/10\/image-4-768x416.png 768w, https:\/\/www.prospectiva.com.mx\/wp-content\/uploads\/2023\/10\/image-4.png 1201w\" sizes=\"(max-width: 1024px) 100vw, 1024px\" \/><\/figure>\n\n\n\n<p><strong>Retenciones y Autorretenciones:<\/strong><\/p>\n\n\n\n<p>?\ufe0f <strong>Fecha L\u00edmite de Declaraci\u00f3n:<\/strong> Octubre es el mes clave para los agentes retenedores. La fecha l\u00edmite se acerca, as\u00ed que marca tu calendario y aseg\u00farate de cumplir con las obligaciones fiscales.<\/p>\n\n\n\n<p>? <strong>Documentos Necesarios:<\/strong> Antes de comenzar el proceso de declaraci\u00f3n, aseg\u00farate de tener todos los documentos pertinentes en orden. Revisa detenidamente las retenciones y autorretenciones realizadas durante el periodo correspondiente.<\/p>\n\n\n\n<p>? <strong>Cumplimiento \u00c1gil:<\/strong> Cumplir con las obligaciones fiscales no solo es un requisito legal, sino tambi\u00e9n una pr\u00e1ctica que contribuye a un entorno fiscal m\u00e1s transparente y eficiente.<\/p>\n\n\n\n<p>? <strong>Revisi\u00f3n de Cambios:<\/strong> Dado que las regulaciones fiscales pueden cambiar, aprovecha este momento para revisar cualquier ajuste o actualizaci\u00f3n en los procedimientos. Mantente informado sobre los cambios normativos que podr\u00edan afectar tus obligaciones fiscales.<\/p>\n\n\n\n<p><strong>\u00bfNecesitas Asistencia? \u00a1Estamos Aqu\u00ed para Ayudar!<\/strong><\/p>\n\n\n\n<p>Entendemos que el cumplimiento fiscal puede ser un proceso complejo. Si necesitas orientaci\u00f3n sobre la declaraci\u00f3n de retenciones y autorretenciones en septiembre, nuestro equipo est\u00e1 listo para ayudarte. Cont\u00e1ctanos para obtener asesoramiento personalizado y asegurarte de cumplir con todas las regulaciones fiscales en Colombia. \u00a1No dejes que esta fecha l\u00edmite te tome por sorpresa!<\/p>\n","protected":false},"excerpt":{"rendered":"<p>\u00bfEres Agente Retenedor o Autorretenedor en Colombia? Aqu\u00ed est\u00e1 la \u00daltima Novedad Si eres responsable del Impuesto sobre la Renta y Complementario, Impuesto de Timbre o Impuesto sobre las Ventas (IVA) en Colombia, es crucial estar al tanto de las \u00faltimas novedades fiscales. En este septiembre, se insta a los agentes retenedores y autorretenedores a [&hellip;]<\/p>\n","protected":false},"author":7,"featured_media":0,"comment_status":"open","ping_status":"open","sticky":false,"template":"","format":"standard","meta":{"footnotes":""},"categories":[62,49,84,15,61],"tags":[],"class_list":["post-12606","post","type-post","status-publish","format-standard","hentry","category-62","category-actualizacion","category-aduana","category-colombia","category-dian"],"_links":{"self":[{"href":"https:\/\/www.prospectiva.com.mx\/index.php?rest_route=\/wp\/v2\/posts\/12606","targetHints":{"allow":["GET"]}}],"collection":[{"href":"https:\/\/www.prospectiva.com.mx\/index.php?rest_route=\/wp\/v2\/posts"}],"about":[{"href":"https:\/\/www.prospectiva.com.mx\/index.php?rest_route=\/wp\/v2\/types\/post"}],"author":[{"embeddable":true,"href":"https:\/\/www.prospectiva.com.mx\/index.php?rest_route=\/wp\/v2\/users\/7"}],"replies":[{"embeddable":true,"href":"https:\/\/www.prospectiva.com.mx\/index.php?rest_route=%2Fwp%2Fv2%2Fcomments&post=12606"}],"version-history":[{"count":1,"href":"https:\/\/www.prospectiva.com.mx\/index.php?rest_route=\/wp\/v2\/posts\/12606\/revisions"}],"predecessor-version":[{"id":12608,"href":"https:\/\/www.prospectiva.com.mx\/index.php?rest_route=\/wp\/v2\/posts\/12606\/revisions\/12608"}],"wp:attachment":[{"href":"https:\/\/www.prospectiva.com.mx\/index.php?rest_route=%2Fwp%2Fv2%2Fmedia&parent=12606"}],"wp:term":[{"taxonomy":"category","embeddable":true,"href":"https:\/\/www.prospectiva.com.mx\/index.php?rest_route=%2Fwp%2Fv2%2Fcategories&post=12606"},{"taxonomy":"post_tag","embeddable":true,"href":"https:\/\/www.prospectiva.com.mx\/index.php?rest_route=%2Fwp%2Fv2%2Ftags&post=12606"}],"curies":[{"name":"wp","href":"https:\/\/api.w.org\/{rel}","templated":true}]}}