{"id":12555,"date":"2023-09-27T14:29:01","date_gmt":"2023-09-27T20:29:01","guid":{"rendered":"https:\/\/www.prospectiva.com.mx\/?p=12555"},"modified":"2023-09-27T14:29:04","modified_gmt":"2023-09-27T20:29:04","slug":"proximas-medidas-de-la-afip-alivio-fiscal-para-pymes-y-contribuyentes","status":"publish","type":"post","link":"https:\/\/www.prospectiva.com.mx\/?p=12555","title":{"rendered":"Pr\u00f3ximas Medidas de la AFIP: Alivio Fiscal para Pymes y Contribuyentes"},"content":{"rendered":"\n<p>El ministro de Econom\u00eda, <strong>Sergio Massa<\/strong>, ha anunciado un conjunto de medidas fiscales dirigidas a proporcionar alivio a una variedad de contribuyentes, incluyendo profesionales, monotributistas, aut\u00f3nomos y peque\u00f1as y medianas empresas (pymes). La <strong>AFIP<\/strong> (Administraci\u00f3n Federal de Ingresos P\u00fablicos) est\u00e1 a cargo de implementar estas medidas con el objetivo de estimular el desarrollo econ\u00f3mico y brindar beneficios a estos sectores clave. Aqu\u00ed est\u00e1n los aspectos m\u00e1s destacados de estas pr\u00f3ximas medidas:<\/p>\n\n\n\n<h2 class=\"wp-block-heading\"><strong>1. Plan de Facilidades de Pago<\/strong><\/h2>\n\n\n\n<p>Se est\u00e1 preparando un <strong>plan de facilidades de pago<\/strong> para la cancelaci\u00f3n de las obligaciones impositivas, aduaneras y de seguridad social vencidas hasta el <strong>31 de agosto de 2023<\/strong>. Este plan se dirige a:<\/p>\n\n\n\n<ul class=\"wp-block-list\">\n<li><strong>Micro, Peque\u00f1as y Medianas Empresas (MiPyMEs)<\/strong> con &#8220;Certificado MiPyME&#8221;.<\/li>\n\n\n\n<li>Personas humanas y sucesiones indivisas consideradas peque\u00f1os contribuyentes.<\/li>\n\n\n\n<li>Entidades sin fines de lucro.<\/li>\n\n\n\n<li>Otros peque\u00f1os contribuyentes designados por la AFIP.<\/li>\n<\/ul>\n\n\n\n<h2 class=\"wp-block-heading\"><strong>2. Suspensi\u00f3n de Juicios y Medidas Cautelares<\/strong><\/h2>\n\n\n\n<p>Se suspender\u00e1 el inicio de <strong>juicios de ejecuci\u00f3n fiscal<\/strong> y la <strong>traba de medidas cautelares<\/strong> hasta el <strong>31 de diciembre de 2023<\/strong> para los contribuyentes mencionados anteriormente.<\/p>\n\n\n\n<h2 class=\"wp-block-heading\"><strong>3. Pr\u00f3rroga de Vencimientos<\/strong><\/h2>\n\n\n\n<p>Las obligaciones de pago del <strong>aporte personal de trabajadores aut\u00f3nomos<\/strong> para los meses de <strong>septiembre, octubre, noviembre y diciembre de 2023<\/strong> se prorrogar\u00e1n, excepto para ciertos sujetos. Lo mismo se aplica al <strong>impuesto al valor agregado<\/strong> para los trabajadores aut\u00f3nomos comprendidos en el punto anterior. Las nuevas fechas de vencimiento no podr\u00e1n ser anteriores al <strong>1 de marzo de 2024<\/strong>.<\/p>\n\n\n\n<h2 class=\"wp-block-heading\"><strong>4. Modificaci\u00f3n del R\u00e9gimen de Retenci\u00f3n de Impuesto a las Ganancias<\/strong><\/h2>\n\n\n\n<p>Se llevar\u00e1 a cabo una <strong>modificaci\u00f3n del r\u00e9gimen de retenci\u00f3n del impuesto a las ganancias<\/strong> para actualizar los importes de la escala y\/o al\u00edcuotas aplicables en el caso de pagos por el ejercicio de profesiones liberales u oficios.<\/p>\n\n\n\n<h2 class=\"wp-block-heading\"><strong>5. Suspensi\u00f3n de Exclusi\u00f3n del R\u00e9gimen Simplificado<\/strong><\/h2>\n\n\n\n<p>El procedimiento para aplicar la <strong>exclusi\u00f3n del R\u00e9gimen Simplificado para Peque\u00f1os Contribuyentes<\/strong> y el <strong>mecanismo de baja autom\u00e1tica<\/strong> se suspender\u00e1n hasta el <strong>31 de diciembre de 2023<\/strong>.<\/p>\n\n\n\n<h2 class=\"wp-block-heading\"><strong>6. Nuevo R\u00e9gimen Opcional de Presentaci\u00f3n de Declaraciones Juradas<\/strong><\/h2>\n\n\n\n<p>Se establecer\u00e1 un <strong>nuevo r\u00e9gimen opcional<\/strong> para la presentaci\u00f3n de declaraciones juradas y pago de impuestos cuyos vencimientos operen durante el mes de enero de 2024. Esto incluir\u00e1 el ingreso de un pago a cuenta por cada obligaci\u00f3n.<\/p>\n\n\n\n<p>Estas medidas tienen como objetivo fomentar el crecimiento y desarrollo de las micro, peque\u00f1as y medianas empresas, reconociendo su importancia en la econom\u00eda nacional. El Gobierno busca proporcionar herramientas que fortalezcan su crecimiento, lo que contribuir\u00e1 al cambio de la estructura productiva argentina, generando m\u00e1s empleo y aumentando las exportaciones. Estas medidas son un paso adelante en el compromiso del pa\u00eds con un futuro econ\u00f3mico m\u00e1s s\u00f3lido y sostenible.<\/p>\n","protected":false},"excerpt":{"rendered":"<p>El ministro de Econom\u00eda, Sergio Massa, ha anunciado un conjunto de medidas fiscales dirigidas a proporcionar alivio a una variedad de contribuyentes, incluyendo profesionales, monotributistas, aut\u00f3nomos y peque\u00f1as y medianas empresas (pymes). La AFIP (Administraci\u00f3n Federal de Ingresos P\u00fablicos) est\u00e1 a cargo de implementar estas medidas con el objetivo de estimular el desarrollo econ\u00f3mico y [&hellip;]<\/p>\n","protected":false},"author":7,"featured_media":0,"comment_status":"open","ping_status":"open","sticky":false,"template":"","format":"standard","meta":{"footnotes":""},"categories":[62,49,77,76],"tags":[],"class_list":["post-12555","post","type-post","status-publish","format-standard","hentry","category-62","category-actualizacion","category-afip","category-argentina"],"_links":{"self":[{"href":"https:\/\/www.prospectiva.com.mx\/index.php?rest_route=\/wp\/v2\/posts\/12555","targetHints":{"allow":["GET"]}}],"collection":[{"href":"https:\/\/www.prospectiva.com.mx\/index.php?rest_route=\/wp\/v2\/posts"}],"about":[{"href":"https:\/\/www.prospectiva.com.mx\/index.php?rest_route=\/wp\/v2\/types\/post"}],"author":[{"embeddable":true,"href":"https:\/\/www.prospectiva.com.mx\/index.php?rest_route=\/wp\/v2\/users\/7"}],"replies":[{"embeddable":true,"href":"https:\/\/www.prospectiva.com.mx\/index.php?rest_route=%2Fwp%2Fv2%2Fcomments&post=12555"}],"version-history":[{"count":1,"href":"https:\/\/www.prospectiva.com.mx\/index.php?rest_route=\/wp\/v2\/posts\/12555\/revisions"}],"predecessor-version":[{"id":12556,"href":"https:\/\/www.prospectiva.com.mx\/index.php?rest_route=\/wp\/v2\/posts\/12555\/revisions\/12556"}],"wp:attachment":[{"href":"https:\/\/www.prospectiva.com.mx\/index.php?rest_route=%2Fwp%2Fv2%2Fmedia&parent=12555"}],"wp:term":[{"taxonomy":"category","embeddable":true,"href":"https:\/\/www.prospectiva.com.mx\/index.php?rest_route=%2Fwp%2Fv2%2Fcategories&post=12555"},{"taxonomy":"post_tag","embeddable":true,"href":"https:\/\/www.prospectiva.com.mx\/index.php?rest_route=%2Fwp%2Fv2%2Ftags&post=12555"}],"curies":[{"name":"wp","href":"https:\/\/api.w.org\/{rel}","templated":true}]}}